{"id":14346,"date":"2025-03-26T07:08:30","date_gmt":"2025-03-26T12:08:30","guid":{"rendered":"https:\/\/sbtalee.com\/la-voz-de-las-flores-lanza-nuevo-episodio-breeding-en-el-clavel-un-proceso-impulsado-por-la-inspiracion\/"},"modified":"2025-03-26T08:49:00","modified_gmt":"2025-03-26T13:49:00","slug":"la-voz-de-las-flores-lanza-nuevo-episodio-breeding-en-el-clavel-un-proceso-impulsado-por-la-inspiracion","status":"publish","type":"post","link":"https:\/\/sbtalee.com\/es\/la-voz-de-las-flores-lanza-nuevo-episodio-breeding-en-el-clavel-un-proceso-impulsado-por-la-inspiracion\/","title":{"rendered":"La Voz de las Flores lanza nuevo episodio: \u201cBreeding en el clavel, un proceso impulsado por la inspiraci\u00f3n\u201d"},"content":{"rendered":"\n<p>Asocolflores sigue compartiendo valiosos conocimientos y puntos de vista de la industria de la floricultura a trav\u00e9s de su podcast, \u00ab<strong>La Voz de las Flores<\/strong> \u00ab, un espacio mensual dedicado a explorar temas clave que dan forma a nuestro sector.&nbsp;<\/p>\n\n\n\n<p>En el episodio de marzo, titulado <strong>\u201cBreeding en el clavel: un proceso impulsado por la inspiraci\u00f3n\u201d<\/strong>, se aborda en profundidad el proceso de mejoramiento gen\u00e9tico (<strong>breeding<\/strong>) en los claveles, destacando c\u00f3mo la creaci\u00f3n, producci\u00f3n y comercializaci\u00f3n de nuevas variedades responde a las tendencias y demandas de los mercados internacionales. &nbsp;<\/p>\n\n\n\n<p>Este episodio fue moderado por <strong>Genoveva Pombo<\/strong>, directora de mercadeo y comunicaciones de Asocolflores, y cont\u00f3 con la participaci\u00f3n de cuatro invitados destacados, quienes compartieron su experiencia y conocimiento en torno a este apasionante proceso:&nbsp;<\/p>\n\n\n\n<ul class=\"wp-block-list\"><li><strong>Paula Morales<\/strong>, breeder de la empresa Selecta&nbsp;<\/li><\/ul>\n\n\n\n<ul class=\"wp-block-list\"><li><strong>Jos\u00e9 Antonio Restrepo<\/strong>, de la empresa Ayura Farms&nbsp;<\/li><\/ul>\n\n\n\n<ul class=\"wp-block-list\"><li><strong>V\u00edctor Hugo Pel\u00e1ez<\/strong>, de la bouquetera Isabelita de Falcon Farms&nbsp;<\/li><\/ul>\n\n\n\n<ul class=\"wp-block-list\"><li><strong>Sandra Medina<\/strong>,directora de investigaci\u00f3n y desarrollo de nuestra empresa, quien ofreci\u00f3 una mirada profunda sobre los retos y oportunidades del breeding en claveles.&nbsp;<\/li><\/ul>\n\n\n\n<p>El episodio resalta c\u00f3mo la hibridaci\u00f3n no solo responde a criterios t\u00e9cnicos, sino tambi\u00e9n a la inspiraci\u00f3n que impulsa a desarrollar flores con atributos \u00fanicos, adaptadas a las preferencias de los consumidores y las exigencias del mercado global.&nbsp;<\/p>\n\n\n\n<p>Puedes escuchar este episodio completo en el siguiente enlace de <strong>SoundCloud<\/strong>:<\/p>\n\n\n\n<div class=\"wp-block-buttons is-layout-flex wp-block-buttons-is-layout-flex\">\n<div class=\"wp-block-button\"><a class=\"wp-block-button__link\" href=\"https:\/\/on.soundcloud.com\/dPZkyU42n6xdtztQ7\" target=\"_blank\" rel=\"noreferrer noopener\">Escuchalo aqu\u00ed<\/a><\/div>\n<\/div>\n\n\n\n<p><\/p>\n","protected":false},"excerpt":{"rendered":"<p>Asocolflores sigue compartiendo valiosos conocimientos y puntos de vista de la industria de la floricultura a trav\u00e9s de su podcast, \u00abLa Voz de las Flores \u00ab, un espacio mensual dedicado a explorar temas clave que dan forma a nuestro sector.&nbsp; En el episodio de marzo, titulado \u201cBreeding en el clavel: un proceso impulsado por la [&hellip;]<\/p>\n","protected":false},"author":7,"featured_media":14364,"comment_status":"open","ping_status":"open","sticky":false,"template":"","format":"standard","meta":{"_et_pb_use_builder":"off","_et_pb_old_content":"","_et_gb_content_width":"","footnotes":""},"categories":[104],"tags":[],"class_list":["post-14346","post","type-post","status-publish","format-standard","has-post-thumbnail","hentry","category-blogs-es"],"_links":{"self":[{"href":"https:\/\/sbtalee.com\/es\/wp-json\/wp\/v2\/posts\/14346","targetHints":{"allow":["GET"]}}],"collection":[{"href":"https:\/\/sbtalee.com\/es\/wp-json\/wp\/v2\/posts"}],"about":[{"href":"https:\/\/sbtalee.com\/es\/wp-json\/wp\/v2\/types\/post"}],"author":[{"embeddable":true,"href":"https:\/\/sbtalee.com\/es\/wp-json\/wp\/v2\/users\/7"}],"replies":[{"embeddable":true,"href":"https:\/\/sbtalee.com\/es\/wp-json\/wp\/v2\/comments?post=14346"}],"version-history":[{"count":2,"href":"https:\/\/sbtalee.com\/es\/wp-json\/wp\/v2\/posts\/14346\/revisions"}],"predecessor-version":[{"id":14377,"href":"https:\/\/sbtalee.com\/es\/wp-json\/wp\/v2\/posts\/14346\/revisions\/14377"}],"wp:featuredmedia":[{"embeddable":true,"href":"https:\/\/sbtalee.com\/es\/wp-json\/wp\/v2\/media\/14364"}],"wp:attachment":[{"href":"https:\/\/sbtalee.com\/es\/wp-json\/wp\/v2\/media?parent=14346"}],"wp:term":[{"taxonomy":"category","embeddable":true,"href":"https:\/\/sbtalee.com\/es\/wp-json\/wp\/v2\/categories?post=14346"},{"taxonomy":"post_tag","embeddable":true,"href":"https:\/\/sbtalee.com\/es\/wp-json\/wp\/v2\/tags?post=14346"}],"curies":[{"name":"wp","href":"https:\/\/api.w.org\/{rel}","templated":true}]}}